{"id":22327,"date":"2025-12-11T16:20:00","date_gmt":"2025-12-11T15:20:00","guid":{"rendered":"https:\/\/www.saci.es\/?p=22327"},"modified":"2026-04-29T16:51:54","modified_gmt":"2026-04-29T14:51:54","slug":"manuel-rodriguez-retires-after-20-years-with-the-company","status":"publish","type":"post","link":"https:\/\/www.saci.es\/en\/manuel-rodriguez-se-jubila-tras-20-anos-en-la-compania\/","title":{"rendered":"Manuel Rodr\u00edguez retires after 20 years with the company"},"content":{"rendered":"<p>SACI has paid tribute to <strong>Manuel Rodr\u00edguez<\/strong> On the occasion of his retirement, after more than 20 years as part of the company.<\/p>\n\n\n\n<p>Manuel began his career in the electricity production sector and, for the last 15 years, has worked within the commercial team, where he became a key figure thanks to his approachability, commitment, and industry knowledge.<\/p>\n\n\n\n<p>Throughout your career at SACI, you have made a significant contribution to the company's commercial development, taking its solutions throughout the national territory and standing out for your ability to build trust and deliver value in every client relationship.<\/p>\n\n\n\n<p>Beyond his professional work, Manuel has left a notable mark on the human team, being a benchmark for his attitude, camaraderie, and approach to teamwork.<\/p>\n\n\n\n<p>From SACI, we would like to thank you for your dedication over all these years and wish you a new stage full of personal enjoyment.<\/p>\n\n\n\n<p><\/p>","protected":false},"excerpt":{"rendered":"","protected":false},"author":3,"featured_media":22328,"comment_status":"closed","ping_status":"closed","sticky":false,"template":"","format":"standard","meta":{"_acf_changed":false,"footnotes":""},"categories":[25],"tags":[],"class_list":["post-22327","post","type-post","status-publish","format-standard","has-post-thumbnail","hentry","category-noticias","generate-columns","tablet-grid-50","mobile-grid-100","grid-parent","grid-50"],"acf":[],"yoast_head":"<!-- This site is optimized with the Yoast SEO plugin v26.9 - https:\/\/yoast.com\/product\/yoast-seo-wordpress\/ -->\n<title>Manuel Rodr\u00edguez se jubila tras 20 a\u00f1os en la compa\u00f1\u00eda<\/title>\n<meta name=\"description\" content=\"SACI homenajea a Manuel Rodr\u00edguez tras 20 a\u00f1os en la compa\u00f1\u00eda, destacando su trayectoria en producci\u00f3n y el equipo comercial.\" \/>\n<meta name=\"robots\" content=\"index, follow, max-snippet:-1, max-image-preview:large, max-video-preview:-1\" \/>\n<link rel=\"canonical\" href=\"https:\/\/www.saci.es\/en\/manuel-rodriguez-retires-after-20-years-with-the-company\/\" \/>\n<meta property=\"og:locale\" content=\"en_GB\" \/>\n<meta property=\"og:type\" content=\"article\" \/>\n<meta property=\"og:title\" content=\"Manuel Rodr\u00edguez se jubila tras 20 a\u00f1os en la compa\u00f1\u00eda\" \/>\n<meta property=\"og:description\" content=\"SACI homenajea a Manuel Rodr\u00edguez tras 20 a\u00f1os en la compa\u00f1\u00eda, destacando su trayectoria en producci\u00f3n y el equipo comercial.\" \/>\n<meta property=\"og:url\" content=\"https:\/\/www.saci.es\/en\/manuel-rodriguez-retires-after-20-years-with-the-company\/\" \/>\n<meta property=\"og:site_name\" content=\"SACI\" \/>\n<meta property=\"article:published_time\" content=\"2025-12-11T15:20:00+00:00\" \/>\n<meta property=\"article:modified_time\" content=\"2026-04-29T14:51:54+00:00\" \/>\n<meta property=\"og:image\" content=\"https:\/\/www.saci.es\/wp-content\/uploads\/2026\/04\/manolo-se-jubila.jpg\" \/>\n\t<meta property=\"og:image:width\" content=\"997\" \/>\n\t<meta property=\"og:image:height\" content=\"584\" \/>\n\t<meta property=\"og:image:type\" content=\"image\/jpeg\" \/>\n<meta name=\"author\" content=\"Cristina\" \/>\n<meta name=\"twitter:card\" content=\"summary_large_image\" \/>\n<meta name=\"twitter:label1\" content=\"Written by\" \/>\n\t<meta name=\"twitter:data1\" content=\"Cristina\" \/>\n\t<meta name=\"twitter:label2\" content=\"Estimated reading time\" \/>\n\t<meta name=\"twitter:data2\" content=\"1 minute\" \/>\n<script type=\"application\/ld+json\" class=\"yoast-schema-graph\">{\"@context\":\"https:\/\/schema.org\",\"@graph\":[{\"@type\":\"Article\",\"@id\":\"https:\/\/www.saci.es\/manuel-rodriguez-se-jubila-tras-20-anos-en-la-compania\/#article\",\"isPartOf\":{\"@id\":\"https:\/\/www.saci.es\/manuel-rodriguez-se-jubila-tras-20-anos-en-la-compania\/\"},\"author\":{\"name\":\"Cristina\",\"@id\":\"\/#\/schema\/person\/6b64716a487a4d2a6eb6a08bb1bbefd3\"},\"headline\":\"Manuel Rodr\u00edguez se jubila tras 20 a\u00f1os en la compa\u00f1\u00eda\",\"datePublished\":\"2025-12-11T15:20:00+00:00\",\"dateModified\":\"2026-04-29T14:51:54+00:00\",\"mainEntityOfPage\":{\"@id\":\"https:\/\/www.saci.es\/manuel-rodriguez-se-jubila-tras-20-anos-en-la-compania\/\"},\"wordCount\":178,\"publisher\":{\"@id\":\"\/#organization\"},\"image\":{\"@id\":\"https:\/\/www.saci.es\/manuel-rodriguez-se-jubila-tras-20-anos-en-la-compania\/#primaryimage\"},\"thumbnailUrl\":\"https:\/\/www.saci.es\/wp-content\/uploads\/2026\/04\/manolo-se-jubila.jpg\",\"articleSection\":[\"Noticias\"],\"inLanguage\":\"en-GB\"},{\"@type\":\"WebPage\",\"@id\":\"https:\/\/www.saci.es\/manuel-rodriguez-se-jubila-tras-20-anos-en-la-compania\/\",\"url\":\"https:\/\/www.saci.es\/manuel-rodriguez-se-jubila-tras-20-anos-en-la-compania\/\",\"name\":\"Manuel Rodr\u00edguez se jubila tras 20 a\u00f1os en la compa\u00f1\u00eda\",\"isPartOf\":{\"@id\":\"\/#website\"},\"primaryImageOfPage\":{\"@id\":\"https:\/\/www.saci.es\/manuel-rodriguez-se-jubila-tras-20-anos-en-la-compania\/#primaryimage\"},\"image\":{\"@id\":\"https:\/\/www.saci.es\/manuel-rodriguez-se-jubila-tras-20-anos-en-la-compania\/#primaryimage\"},\"thumbnailUrl\":\"https:\/\/www.saci.es\/wp-content\/uploads\/2026\/04\/manolo-se-jubila.jpg\",\"datePublished\":\"2025-12-11T15:20:00+00:00\",\"dateModified\":\"2026-04-29T14:51:54+00:00\",\"description\":\"SACI homenajea a Manuel Rodr\u00edguez tras 20 a\u00f1os en la compa\u00f1\u00eda, destacando su trayectoria en producci\u00f3n y el equipo comercial.\",\"breadcrumb\":{\"@id\":\"https:\/\/www.saci.es\/manuel-rodriguez-se-jubila-tras-20-anos-en-la-compania\/#breadcrumb\"},\"inLanguage\":\"en-GB\",\"potentialAction\":[{\"@type\":\"ReadAction\",\"target\":[\"https:\/\/www.saci.es\/manuel-rodriguez-se-jubila-tras-20-anos-en-la-compania\/\"]}]},{\"@type\":\"ImageObject\",\"inLanguage\":\"en-GB\",\"@id\":\"https:\/\/www.saci.es\/manuel-rodriguez-se-jubila-tras-20-anos-en-la-compania\/#primaryimage\",\"url\":\"https:\/\/www.saci.es\/wp-content\/uploads\/2026\/04\/manolo-se-jubila.jpg\",\"contentUrl\":\"https:\/\/www.saci.es\/wp-content\/uploads\/2026\/04\/manolo-se-jubila.jpg\",\"width\":997,\"height\":584},{\"@type\":\"BreadcrumbList\",\"@id\":\"https:\/\/www.saci.es\/manuel-rodriguez-se-jubila-tras-20-anos-en-la-compania\/#breadcrumb\",\"itemListElement\":[{\"@type\":\"ListItem\",\"position\":1,\"name\":\"Portada\",\"item\":\"https:\/\/www.saci.es\/\"},{\"@type\":\"ListItem\",\"position\":2,\"name\":\"Manuel Rodr\u00edguez se jubila tras 20 a\u00f1os en la compa\u00f1\u00eda\"}]},{\"@type\":\"WebSite\",\"@id\":\"\/#website\",\"url\":\"\/\",\"name\":\"SACI\",\"description\":\"Dise\u00f1o, fabricaci\u00f3n y comercializaci\u00f3n de equipos orientados al Control y Eficiencia Energ\u00e9tica El\u00e9ctrica\",\"publisher\":{\"@id\":\"\/#organization\"},\"potentialAction\":[{\"@type\":\"SearchAction\",\"target\":{\"@type\":\"EntryPoint\",\"urlTemplate\":\"\/?s={search_term_string}\"},\"query-input\":{\"@type\":\"PropertyValueSpecification\",\"valueRequired\":true,\"valueName\":\"search_term_string\"}}],\"inLanguage\":\"en-GB\"},{\"@type\":\"Organization\",\"@id\":\"\/#organization\",\"name\":\"SACI\",\"url\":\"\/\",\"logo\":{\"@type\":\"ImageObject\",\"inLanguage\":\"en-GB\",\"@id\":\"\/#\/schema\/logo\/image\/\",\"url\":\"https:\/\/www.saci.es\/wp-content\/uploads\/2025\/12\/SACI.svg\",\"contentUrl\":\"https:\/\/www.saci.es\/wp-content\/uploads\/2025\/12\/SACI.svg\",\"caption\":\"SACI\"},\"image\":{\"@id\":\"\/#\/schema\/logo\/image\/\"}},{\"@type\":\"Person\",\"@id\":\"\/#\/schema\/person\/6b64716a487a4d2a6eb6a08bb1bbefd3\",\"name\":\"Cristina\",\"url\":\"https:\/\/www.saci.es\/en\/author\/cristina\/\"}]}<\/script>\n<!-- \/ Yoast SEO plugin. -->","yoast_head_json":{"title":"Manuel Rodr\u00edguez retires after 20 years with the company","description":"SACI honours Manuel Rodr\u00edguez after 20 years with the company, highlighting his career in production and the sales team.","robots":{"index":"index","follow":"follow","max-snippet":"max-snippet:-1","max-image-preview":"max-image-preview:large","max-video-preview":"max-video-preview:-1"},"canonical":"https:\/\/www.saci.es\/en\/manuel-rodriguez-retires-after-20-years-with-the-company\/","og_locale":"en_GB","og_type":"article","og_title":"Manuel Rodr\u00edguez se jubila tras 20 a\u00f1os en la compa\u00f1\u00eda","og_description":"SACI homenajea a Manuel Rodr\u00edguez tras 20 a\u00f1os en la compa\u00f1\u00eda, destacando su trayectoria en producci\u00f3n y el equipo comercial.","og_url":"https:\/\/www.saci.es\/en\/manuel-rodriguez-retires-after-20-years-with-the-company\/","og_site_name":"SACI","article_published_time":"2025-12-11T15:20:00+00:00","article_modified_time":"2026-04-29T14:51:54+00:00","og_image":[{"width":997,"height":584,"url":"https:\/\/www.saci.es\/wp-content\/uploads\/2026\/04\/manolo-se-jubila.jpg","type":"image\/jpeg"}],"author":"Cristina","twitter_card":"summary_large_image","twitter_misc":{"Written by":"Cristina","Estimated reading time":"1 minute"},"schema":{"@context":"https:\/\/schema.org","@graph":[{"@type":"Article","@id":"https:\/\/www.saci.es\/manuel-rodriguez-se-jubila-tras-20-anos-en-la-compania\/#article","isPartOf":{"@id":"https:\/\/www.saci.es\/manuel-rodriguez-se-jubila-tras-20-anos-en-la-compania\/"},"author":{"name":"Cristina","@id":"\/#\/schema\/person\/6b64716a487a4d2a6eb6a08bb1bbefd3"},"headline":"Manuel Rodr\u00edguez se jubila tras 20 a\u00f1os en la compa\u00f1\u00eda","datePublished":"2025-12-11T15:20:00+00:00","dateModified":"2026-04-29T14:51:54+00:00","mainEntityOfPage":{"@id":"https:\/\/www.saci.es\/manuel-rodriguez-se-jubila-tras-20-anos-en-la-compania\/"},"wordCount":178,"publisher":{"@id":"\/#organization"},"image":{"@id":"https:\/\/www.saci.es\/manuel-rodriguez-se-jubila-tras-20-anos-en-la-compania\/#primaryimage"},"thumbnailUrl":"https:\/\/www.saci.es\/wp-content\/uploads\/2026\/04\/manolo-se-jubila.jpg","articleSection":["Noticias"],"inLanguage":"en-GB"},{"@type":"WebPage","@id":"https:\/\/www.saci.es\/manuel-rodriguez-se-jubila-tras-20-anos-en-la-compania\/","url":"https:\/\/www.saci.es\/manuel-rodriguez-se-jubila-tras-20-anos-en-la-compania\/","name":"Manuel Rodr\u00edguez retires after 20 years with the company","isPartOf":{"@id":"\/#website"},"primaryImageOfPage":{"@id":"https:\/\/www.saci.es\/manuel-rodriguez-se-jubila-tras-20-anos-en-la-compania\/#primaryimage"},"image":{"@id":"https:\/\/www.saci.es\/manuel-rodriguez-se-jubila-tras-20-anos-en-la-compania\/#primaryimage"},"thumbnailUrl":"https:\/\/www.saci.es\/wp-content\/uploads\/2026\/04\/manolo-se-jubila.jpg","datePublished":"2025-12-11T15:20:00+00:00","dateModified":"2026-04-29T14:51:54+00:00","description":"SACI honours Manuel Rodr\u00edguez after 20 years with the company, highlighting his career in production and the sales team.","breadcrumb":{"@id":"https:\/\/www.saci.es\/manuel-rodriguez-se-jubila-tras-20-anos-en-la-compania\/#breadcrumb"},"inLanguage":"en-GB","potentialAction":[{"@type":"ReadAction","target":["https:\/\/www.saci.es\/manuel-rodriguez-se-jubila-tras-20-anos-en-la-compania\/"]}]},{"@type":"ImageObject","inLanguage":"en-GB","@id":"https:\/\/www.saci.es\/manuel-rodriguez-se-jubila-tras-20-anos-en-la-compania\/#primaryimage","url":"https:\/\/www.saci.es\/wp-content\/uploads\/2026\/04\/manolo-se-jubila.jpg","contentUrl":"https:\/\/www.saci.es\/wp-content\/uploads\/2026\/04\/manolo-se-jubila.jpg","width":997,"height":584},{"@type":"BreadcrumbList","@id":"https:\/\/www.saci.es\/manuel-rodriguez-se-jubila-tras-20-anos-en-la-compania\/#breadcrumb","itemListElement":[{"@type":"ListItem","position":1,"name":"Portada","item":"https:\/\/www.saci.es\/"},{"@type":"ListItem","position":2,"name":"Manuel Rodr\u00edguez se jubila tras 20 a\u00f1os en la compa\u00f1\u00eda"}]},{"@type":"WebSite","@id":"\/#website","url":"\/","name":"SACI","description":"Design, manufacture and commercialisation of equipment for Electrical Energy Efficiency and Control.","publisher":{"@id":"\/#organization"},"potentialAction":[{"@type":"SearchAction","target":{"@type":"EntryPoint","urlTemplate":"\/?s={search_term_string}"},"query-input":{"@type":"PropertyValueSpecification","valueRequired":true,"valueName":"search_term_string"}}],"inLanguage":"en-GB"},{"@type":"Organization","@id":"\/#organization","name":"SACI","url":"\/","logo":{"@type":"ImageObject","inLanguage":"en-GB","@id":"\/#\/schema\/logo\/image\/","url":"https:\/\/www.saci.es\/wp-content\/uploads\/2025\/12\/SACI.svg","contentUrl":"https:\/\/www.saci.es\/wp-content\/uploads\/2025\/12\/SACI.svg","caption":"SACI"},"image":{"@id":"\/#\/schema\/logo\/image\/"}},{"@type":"Person","@id":"\/#\/schema\/person\/6b64716a487a4d2a6eb6a08bb1bbefd3","name":"Cristina","url":"https:\/\/www.saci.es\/en\/author\/cristina\/"}]}},"_links":{"self":[{"href":"https:\/\/www.saci.es\/en\/wp-json\/wp\/v2\/posts\/22327","targetHints":{"allow":["GET"]}}],"collection":[{"href":"https:\/\/www.saci.es\/en\/wp-json\/wp\/v2\/posts"}],"about":[{"href":"https:\/\/www.saci.es\/en\/wp-json\/wp\/v2\/types\/post"}],"author":[{"embeddable":true,"href":"https:\/\/www.saci.es\/en\/wp-json\/wp\/v2\/users\/3"}],"replies":[{"embeddable":true,"href":"https:\/\/www.saci.es\/en\/wp-json\/wp\/v2\/comments?post=22327"}],"version-history":[{"count":1,"href":"https:\/\/www.saci.es\/en\/wp-json\/wp\/v2\/posts\/22327\/revisions"}],"predecessor-version":[{"id":22329,"href":"https:\/\/www.saci.es\/en\/wp-json\/wp\/v2\/posts\/22327\/revisions\/22329"}],"wp:featuredmedia":[{"embeddable":true,"href":"https:\/\/www.saci.es\/en\/wp-json\/wp\/v2\/media\/22328"}],"wp:attachment":[{"href":"https:\/\/www.saci.es\/en\/wp-json\/wp\/v2\/media?parent=22327"}],"wp:term":[{"taxonomy":"category","embeddable":true,"href":"https:\/\/www.saci.es\/en\/wp-json\/wp\/v2\/categories?post=22327"},{"taxonomy":"post_tag","embeddable":true,"href":"https:\/\/www.saci.es\/en\/wp-json\/wp\/v2\/tags?post=22327"}],"curies":[{"name":"wp","href":"https:\/\/api.w.org\/{rel}","templated":true}]}}