{"id":22288,"date":"2025-07-15T11:21:00","date_gmt":"2025-07-15T09:21:00","guid":{"rendered":"https:\/\/www.saci.es\/?p=22288"},"modified":"2026-04-29T13:32:28","modified_gmt":"2026-04-29T11:32:28","slug":"saci-reinforces-its-presence-in-peru-costa-rica-and-south-africa","status":"publish","type":"post","link":"https:\/\/www.saci.es\/en\/saci-refuerza-su-presencia-en-peru-costa-rica-y-sudafrica\/","title":{"rendered":"SACI strengthens its international presence with trade missions in Peru, Costa Rica and South Africa"},"content":{"rendered":"<p>In its commitment to international expansion and proximity to strategic markets, <strong>SACI<\/strong> has recently participated in two key trade missions organised by <strong>AFME<\/strong> with the support of <strong>ICEX<\/strong>, framed within the Sectoral Plan for the promotion of Spanish electrical material abroad.<\/p>\n\n\n\n<p>Of <strong>4\u201310 June<\/strong>, SACI was part of the <strong>Commercial Direct Mission to Peru and Costa Rica<\/strong>, alongside other Spanish companies in the sector. This initiative helped strengthen its presence in Latin America, establishing contact with potential local partners and distributors, as well as gaining firsthand knowledge of the opportunities offered by these two emerging markets.<\/p>\n\n\n\n<p><strong>Peru<\/strong>, with over 34 million inhabitants, is in a phase of economic recovery, with growth of 3.2% % forecast for 2024, driven by sectors such as energy, infrastructure, and manufacturing. The country is actively promoting energy modernisation, creating interesting opportunities for solutions like those offered by SACI. Meanwhile, <strong>Costa Rica<\/strong>, with its favourable foreign investment environment and strong commitment to sustainability, registered a GDP growth of 4.9 % in 2023 and forecasts exceeding 5 % in 2024. The country stands out for its progress in renewable energies and digitalisation, sectors in which SACI offers innovative measurement and control solutions.<\/p>\n\n\n\n<p>Subsequently, from the <strong>1 to 3 July<\/strong>, SACI participated in the <strong>Trade mission to South Africa<\/strong>, also organised by AFME and ICEX. This mission made it possible to identify business opportunities in a country that, despite economic challenges, shows a clear commitment to clean energy, energy efficiency, and the development of electrical infrastructure.<\/p>\n\n\n\n<p>South Africa is currently tendering for major projects which are expected to involve Spanish participation, particularly in the solar sector, where SACI offers tailored solutions for photovoltaic installations.<\/p>\n\n\n\n<p>These actions reinforce SACI's positioning as an international player in the electrical sector, offering technological solutions focused on the efficiency, sustainability, and digitalisation of facilities worldwide.<\/p>\n\n\n\n<p><\/p>","protected":false},"excerpt":{"rendered":"","protected":false},"author":3,"featured_media":22289,"comment_status":"closed","ping_status":"closed","sticky":false,"template":"","format":"standard","meta":{"_acf_changed":false,"footnotes":""},"categories":[41,25,47],"tags":[],"class_list":["post-22288","post","type-post","status-publish","format-standard","has-post-thumbnail","hentry","category-eventos-internacionales","category-noticias","category-noticias-saci","generate-columns","tablet-grid-50","mobile-grid-100","grid-parent","grid-50"],"acf":[],"yoast_head":"<!-- This site is optimized with the Yoast SEO plugin v26.9 - https:\/\/yoast.com\/product\/yoast-seo-wordpress\/ -->\n<title>SACI refuerza su presencia en Per\u00fa, Costa Rica y Sud\u00e1frica<\/title>\n<meta name=\"description\" content=\"SACI refuerza su presencia internacional con misiones comerciales en Per\u00fa, Costa Rica y Sud\u00e1frica durante los meses de junio y julio\" \/>\n<meta name=\"robots\" content=\"index, follow, max-snippet:-1, max-image-preview:large, max-video-preview:-1\" \/>\n<link rel=\"canonical\" href=\"https:\/\/www.saci.es\/en\/saci-reinforces-its-presence-in-peru-costa-rica-and-south-africa\/\" \/>\n<meta property=\"og:locale\" content=\"en_GB\" \/>\n<meta property=\"og:type\" content=\"article\" \/>\n<meta property=\"og:title\" content=\"SACI refuerza su presencia en Per\u00fa, Costa Rica y Sud\u00e1frica\" \/>\n<meta property=\"og:description\" content=\"SACI refuerza su presencia internacional con misiones comerciales en Per\u00fa, Costa Rica y Sud\u00e1frica durante los meses de junio y julio\" \/>\n<meta property=\"og:url\" content=\"https:\/\/www.saci.es\/en\/saci-reinforces-its-presence-in-peru-costa-rica-and-south-africa\/\" \/>\n<meta property=\"og:site_name\" content=\"SACI\" \/>\n<meta property=\"article:published_time\" content=\"2025-07-15T09:21:00+00:00\" \/>\n<meta property=\"article:modified_time\" content=\"2026-04-29T11:32:28+00:00\" \/>\n<meta property=\"og:image\" content=\"https:\/\/www.saci.es\/wp-content\/uploads\/2026\/04\/misiones-comerciales-sudafrica-y-sudamerica.jpg\" \/>\n\t<meta property=\"og:image:width\" content=\"1200\" \/>\n\t<meta property=\"og:image:height\" content=\"740\" \/>\n\t<meta property=\"og:image:type\" content=\"image\/jpeg\" \/>\n<meta name=\"author\" content=\"Cristina\" \/>\n<meta name=\"twitter:card\" content=\"summary_large_image\" \/>\n<meta name=\"twitter:label1\" content=\"Written by\" \/>\n\t<meta name=\"twitter:data1\" content=\"Cristina\" \/>\n\t<meta name=\"twitter:label2\" content=\"Estimated reading time\" \/>\n\t<meta name=\"twitter:data2\" content=\"2 minutes\" \/>\n<script type=\"application\/ld+json\" class=\"yoast-schema-graph\">{\"@context\":\"https:\/\/schema.org\",\"@graph\":[{\"@type\":\"Article\",\"@id\":\"https:\/\/www.saci.es\/saci-refuerza-su-presencia-en-peru-costa-rica-y-sudafrica\/#article\",\"isPartOf\":{\"@id\":\"https:\/\/www.saci.es\/saci-refuerza-su-presencia-en-peru-costa-rica-y-sudafrica\/\"},\"author\":{\"name\":\"Cristina\",\"@id\":\"\/#\/schema\/person\/6b64716a487a4d2a6eb6a08bb1bbefd3\"},\"headline\":\"SACI refuerza su presencia internacional con misiones comerciales en Per\u00fa, Costa Rica y Sud\u00e1frica\",\"datePublished\":\"2025-07-15T09:21:00+00:00\",\"dateModified\":\"2026-04-29T11:32:28+00:00\",\"mainEntityOfPage\":{\"@id\":\"https:\/\/www.saci.es\/saci-refuerza-su-presencia-en-peru-costa-rica-y-sudafrica\/\"},\"wordCount\":369,\"publisher\":{\"@id\":\"\/#organization\"},\"image\":{\"@id\":\"https:\/\/www.saci.es\/saci-refuerza-su-presencia-en-peru-costa-rica-y-sudafrica\/#primaryimage\"},\"thumbnailUrl\":\"https:\/\/www.saci.es\/wp-content\/uploads\/2026\/04\/misiones-comerciales-sudafrica-y-sudamerica.jpg\",\"articleSection\":[\"Eventos internacionales\",\"Noticias\",\"Noticias Saci\"],\"inLanguage\":\"en-GB\"},{\"@type\":\"WebPage\",\"@id\":\"https:\/\/www.saci.es\/saci-refuerza-su-presencia-en-peru-costa-rica-y-sudafrica\/\",\"url\":\"https:\/\/www.saci.es\/saci-refuerza-su-presencia-en-peru-costa-rica-y-sudafrica\/\",\"name\":\"SACI refuerza su presencia en Per\u00fa, Costa Rica y Sud\u00e1frica\",\"isPartOf\":{\"@id\":\"\/#website\"},\"primaryImageOfPage\":{\"@id\":\"https:\/\/www.saci.es\/saci-refuerza-su-presencia-en-peru-costa-rica-y-sudafrica\/#primaryimage\"},\"image\":{\"@id\":\"https:\/\/www.saci.es\/saci-refuerza-su-presencia-en-peru-costa-rica-y-sudafrica\/#primaryimage\"},\"thumbnailUrl\":\"https:\/\/www.saci.es\/wp-content\/uploads\/2026\/04\/misiones-comerciales-sudafrica-y-sudamerica.jpg\",\"datePublished\":\"2025-07-15T09:21:00+00:00\",\"dateModified\":\"2026-04-29T11:32:28+00:00\",\"description\":\"SACI refuerza su presencia internacional con misiones comerciales en Per\u00fa, Costa Rica y Sud\u00e1frica durante los meses de junio y julio\",\"breadcrumb\":{\"@id\":\"https:\/\/www.saci.es\/saci-refuerza-su-presencia-en-peru-costa-rica-y-sudafrica\/#breadcrumb\"},\"inLanguage\":\"en-GB\",\"potentialAction\":[{\"@type\":\"ReadAction\",\"target\":[\"https:\/\/www.saci.es\/saci-refuerza-su-presencia-en-peru-costa-rica-y-sudafrica\/\"]}]},{\"@type\":\"ImageObject\",\"inLanguage\":\"en-GB\",\"@id\":\"https:\/\/www.saci.es\/saci-refuerza-su-presencia-en-peru-costa-rica-y-sudafrica\/#primaryimage\",\"url\":\"https:\/\/www.saci.es\/wp-content\/uploads\/2026\/04\/misiones-comerciales-sudafrica-y-sudamerica.jpg\",\"contentUrl\":\"https:\/\/www.saci.es\/wp-content\/uploads\/2026\/04\/misiones-comerciales-sudafrica-y-sudamerica.jpg\",\"width\":1200,\"height\":740},{\"@type\":\"BreadcrumbList\",\"@id\":\"https:\/\/www.saci.es\/saci-refuerza-su-presencia-en-peru-costa-rica-y-sudafrica\/#breadcrumb\",\"itemListElement\":[{\"@type\":\"ListItem\",\"position\":1,\"name\":\"Portada\",\"item\":\"https:\/\/www.saci.es\/\"},{\"@type\":\"ListItem\",\"position\":2,\"name\":\"SACI refuerza su presencia internacional con misiones comerciales en Per\u00fa, Costa Rica y Sud\u00e1frica\"}]},{\"@type\":\"WebSite\",\"@id\":\"\/#website\",\"url\":\"\/\",\"name\":\"SACI\",\"description\":\"Dise\u00f1o, fabricaci\u00f3n y comercializaci\u00f3n de equipos orientados al Control y Eficiencia Energ\u00e9tica El\u00e9ctrica\",\"publisher\":{\"@id\":\"\/#organization\"},\"potentialAction\":[{\"@type\":\"SearchAction\",\"target\":{\"@type\":\"EntryPoint\",\"urlTemplate\":\"\/?s={search_term_string}\"},\"query-input\":{\"@type\":\"PropertyValueSpecification\",\"valueRequired\":true,\"valueName\":\"search_term_string\"}}],\"inLanguage\":\"en-GB\"},{\"@type\":\"Organization\",\"@id\":\"\/#organization\",\"name\":\"SACI\",\"url\":\"\/\",\"logo\":{\"@type\":\"ImageObject\",\"inLanguage\":\"en-GB\",\"@id\":\"\/#\/schema\/logo\/image\/\",\"url\":\"https:\/\/www.saci.es\/wp-content\/uploads\/2025\/12\/SACI.svg\",\"contentUrl\":\"https:\/\/www.saci.es\/wp-content\/uploads\/2025\/12\/SACI.svg\",\"caption\":\"SACI\"},\"image\":{\"@id\":\"\/#\/schema\/logo\/image\/\"}},{\"@type\":\"Person\",\"@id\":\"\/#\/schema\/person\/6b64716a487a4d2a6eb6a08bb1bbefd3\",\"name\":\"Cristina\",\"url\":\"https:\/\/www.saci.es\/en\/author\/cristina\/\"}]}<\/script>\n<!-- \/ Yoast SEO plugin. -->","yoast_head_json":{"title":"SACI strengthens its presence in Peru, Costa Rica and South Africa","description":"SACI strengthens its international presence with trade missions in Peru, Costa Rica and South Africa during June and July","robots":{"index":"index","follow":"follow","max-snippet":"max-snippet:-1","max-image-preview":"max-image-preview:large","max-video-preview":"max-video-preview:-1"},"canonical":"https:\/\/www.saci.es\/en\/saci-reinforces-its-presence-in-peru-costa-rica-and-south-africa\/","og_locale":"en_GB","og_type":"article","og_title":"SACI refuerza su presencia en Per\u00fa, Costa Rica y Sud\u00e1frica","og_description":"SACI refuerza su presencia internacional con misiones comerciales en Per\u00fa, Costa Rica y Sud\u00e1frica durante los meses de junio y julio","og_url":"https:\/\/www.saci.es\/en\/saci-reinforces-its-presence-in-peru-costa-rica-and-south-africa\/","og_site_name":"SACI","article_published_time":"2025-07-15T09:21:00+00:00","article_modified_time":"2026-04-29T11:32:28+00:00","og_image":[{"width":1200,"height":740,"url":"https:\/\/www.saci.es\/wp-content\/uploads\/2026\/04\/misiones-comerciales-sudafrica-y-sudamerica.jpg","type":"image\/jpeg"}],"author":"Cristina","twitter_card":"summary_large_image","twitter_misc":{"Written by":"Cristina","Estimated reading time":"2 minutes"},"schema":{"@context":"https:\/\/schema.org","@graph":[{"@type":"Article","@id":"https:\/\/www.saci.es\/saci-refuerza-su-presencia-en-peru-costa-rica-y-sudafrica\/#article","isPartOf":{"@id":"https:\/\/www.saci.es\/saci-refuerza-su-presencia-en-peru-costa-rica-y-sudafrica\/"},"author":{"name":"Cristina","@id":"\/#\/schema\/person\/6b64716a487a4d2a6eb6a08bb1bbefd3"},"headline":"SACI refuerza su presencia internacional con misiones comerciales en Per\u00fa, Costa Rica y Sud\u00e1frica","datePublished":"2025-07-15T09:21:00+00:00","dateModified":"2026-04-29T11:32:28+00:00","mainEntityOfPage":{"@id":"https:\/\/www.saci.es\/saci-refuerza-su-presencia-en-peru-costa-rica-y-sudafrica\/"},"wordCount":369,"publisher":{"@id":"\/#organization"},"image":{"@id":"https:\/\/www.saci.es\/saci-refuerza-su-presencia-en-peru-costa-rica-y-sudafrica\/#primaryimage"},"thumbnailUrl":"https:\/\/www.saci.es\/wp-content\/uploads\/2026\/04\/misiones-comerciales-sudafrica-y-sudamerica.jpg","articleSection":["Eventos internacionales","Noticias","Noticias Saci"],"inLanguage":"en-GB"},{"@type":"WebPage","@id":"https:\/\/www.saci.es\/saci-refuerza-su-presencia-en-peru-costa-rica-y-sudafrica\/","url":"https:\/\/www.saci.es\/saci-refuerza-su-presencia-en-peru-costa-rica-y-sudafrica\/","name":"SACI strengthens its presence in Peru, Costa Rica and South Africa","isPartOf":{"@id":"\/#website"},"primaryImageOfPage":{"@id":"https:\/\/www.saci.es\/saci-refuerza-su-presencia-en-peru-costa-rica-y-sudafrica\/#primaryimage"},"image":{"@id":"https:\/\/www.saci.es\/saci-refuerza-su-presencia-en-peru-costa-rica-y-sudafrica\/#primaryimage"},"thumbnailUrl":"https:\/\/www.saci.es\/wp-content\/uploads\/2026\/04\/misiones-comerciales-sudafrica-y-sudamerica.jpg","datePublished":"2025-07-15T09:21:00+00:00","dateModified":"2026-04-29T11:32:28+00:00","description":"SACI strengthens its international presence with trade missions in Peru, Costa Rica and South Africa during June and July","breadcrumb":{"@id":"https:\/\/www.saci.es\/saci-refuerza-su-presencia-en-peru-costa-rica-y-sudafrica\/#breadcrumb"},"inLanguage":"en-GB","potentialAction":[{"@type":"ReadAction","target":["https:\/\/www.saci.es\/saci-refuerza-su-presencia-en-peru-costa-rica-y-sudafrica\/"]}]},{"@type":"ImageObject","inLanguage":"en-GB","@id":"https:\/\/www.saci.es\/saci-refuerza-su-presencia-en-peru-costa-rica-y-sudafrica\/#primaryimage","url":"https:\/\/www.saci.es\/wp-content\/uploads\/2026\/04\/misiones-comerciales-sudafrica-y-sudamerica.jpg","contentUrl":"https:\/\/www.saci.es\/wp-content\/uploads\/2026\/04\/misiones-comerciales-sudafrica-y-sudamerica.jpg","width":1200,"height":740},{"@type":"BreadcrumbList","@id":"https:\/\/www.saci.es\/saci-refuerza-su-presencia-en-peru-costa-rica-y-sudafrica\/#breadcrumb","itemListElement":[{"@type":"ListItem","position":1,"name":"Portada","item":"https:\/\/www.saci.es\/"},{"@type":"ListItem","position":2,"name":"SACI refuerza su presencia internacional con misiones comerciales en Per\u00fa, Costa Rica y Sud\u00e1frica"}]},{"@type":"WebSite","@id":"\/#website","url":"\/","name":"SACI","description":"Design, manufacture and commercialisation of equipment for Electrical Energy Efficiency and Control.","publisher":{"@id":"\/#organization"},"potentialAction":[{"@type":"SearchAction","target":{"@type":"EntryPoint","urlTemplate":"\/?s={search_term_string}"},"query-input":{"@type":"PropertyValueSpecification","valueRequired":true,"valueName":"search_term_string"}}],"inLanguage":"en-GB"},{"@type":"Organization","@id":"\/#organization","name":"SACI","url":"\/","logo":{"@type":"ImageObject","inLanguage":"en-GB","@id":"\/#\/schema\/logo\/image\/","url":"https:\/\/www.saci.es\/wp-content\/uploads\/2025\/12\/SACI.svg","contentUrl":"https:\/\/www.saci.es\/wp-content\/uploads\/2025\/12\/SACI.svg","caption":"SACI"},"image":{"@id":"\/#\/schema\/logo\/image\/"}},{"@type":"Person","@id":"\/#\/schema\/person\/6b64716a487a4d2a6eb6a08bb1bbefd3","name":"Cristina","url":"https:\/\/www.saci.es\/en\/author\/cristina\/"}]}},"_links":{"self":[{"href":"https:\/\/www.saci.es\/en\/wp-json\/wp\/v2\/posts\/22288","targetHints":{"allow":["GET"]}}],"collection":[{"href":"https:\/\/www.saci.es\/en\/wp-json\/wp\/v2\/posts"}],"about":[{"href":"https:\/\/www.saci.es\/en\/wp-json\/wp\/v2\/types\/post"}],"author":[{"embeddable":true,"href":"https:\/\/www.saci.es\/en\/wp-json\/wp\/v2\/users\/3"}],"replies":[{"embeddable":true,"href":"https:\/\/www.saci.es\/en\/wp-json\/wp\/v2\/comments?post=22288"}],"version-history":[{"count":1,"href":"https:\/\/www.saci.es\/en\/wp-json\/wp\/v2\/posts\/22288\/revisions"}],"predecessor-version":[{"id":22290,"href":"https:\/\/www.saci.es\/en\/wp-json\/wp\/v2\/posts\/22288\/revisions\/22290"}],"wp:featuredmedia":[{"embeddable":true,"href":"https:\/\/www.saci.es\/en\/wp-json\/wp\/v2\/media\/22289"}],"wp:attachment":[{"href":"https:\/\/www.saci.es\/en\/wp-json\/wp\/v2\/media?parent=22288"}],"wp:term":[{"taxonomy":"category","embeddable":true,"href":"https:\/\/www.saci.es\/en\/wp-json\/wp\/v2\/categories?post=22288"},{"taxonomy":"post_tag","embeddable":true,"href":"https:\/\/www.saci.es\/en\/wp-json\/wp\/v2\/tags?post=22288"}],"curies":[{"name":"wp","href":"https:\/\/api.w.org\/{rel}","templated":true}]}}